{"id":34,"date":"2018-12-10T18:43:29","date_gmt":"2018-12-10T17:43:29","guid":{"rendered":"http:\/\/localhost\/aaesor721_wp\/?p=34"},"modified":"2018-12-12T14:09:01","modified_gmt":"2018-12-12T13:09:01","slug":"notre-histoire","status":"publish","type":"post","link":"http:\/\/www.aaesor721.fr\/index.php\/2018\/12\/10\/notre-histoire\/","title":{"rendered":"Notre histoire"},"content":{"rendered":"<p style=\"text-align: justify;\">L&rsquo;AAESOR est une association type loi 1901. Elle a \u00e9t\u00e9 fond\u00e9e par le pr\u00e9sident pr\u00e9c\u00e8dant, le 10 juillet 2000, qui avec quelques passionn\u00e9s de l&rsquo;Arm\u00e9e de l&rsquo;Air \u00ab\u00a0Jacques PARMENTIER\u00a0\u00bb \u00ab\u00a0Eloi CALZADILLA\u00a0\u00bb comme lui, souhaitaient f\u00e9d\u00e9rer au sein d&rsquo;une m\u00eame association tous les anciens m\u00e9caniciens de l&rsquo;\u00e9cole technique de l &lsquo;Arm\u00e9e de l &lsquo;Air de Rochefort. C&rsquo;est la raison pour laquelle cette association s&rsquo;est d&rsquo;abord appel\u00e9e Association de Anciens Eleves M\u00e9caniciens de Rochefort. (A.A.E.M.R). Rappelons que pour m\u00e9moire cette prestigieuse \u00e9cole de dimension europ\u00e9enne,(l\u00a0\u00bbenseignement des cours est actuellement dispens\u00e9 en anglais pour les stagiaires \u00e9trangers), ne poss\u00e9dait jusqu&rsquo;a aujourd&rsquo;hui aucune structure pour rassembler tous ses anciens \u00e9l\u00e8ves.<br \/>\nS\u00a0\u00bbapercevant que la d\u00e9nomination de notre association \u00e9tait quelque peu restrictive, puisque aujourd&rsquo;hui mis \u00e0 part les sp\u00e9cialit\u00e9s du personnel navigant, l&rsquo;\u00e9cole forme \u00e0 la plupart les m\u00e9tiers de l&rsquo;Arm\u00e9e de l&rsquo;Air, et de l&rsquo;A\u00e9ronavale et sur proposition du pr\u00e9sident d&rsquo;alors, le conseil d&rsquo;administration d\u00e9cide le 15 novembre 2001 de rebaptiser cette association \u00ab\u00a0Association des Anciens El\u00e8ves Sous_Officiers de Rochefort\u00a0\u00bb.<\/p>\n<p style=\"text-align: justify;\">En 2009, apr\u00e8s 9 ans de Pr\u00e9sidence Pierre DELAIGLE d\u00e9cide de passer la main pour des raisons de sant\u00e9. A l&rsquo;assembl\u00e9e g\u00e9n\u00e9rale du 28 Mai 2009, il pr\u00e9sente \u00e0 l&rsquo;assembl\u00e9e Monsieur Jean-Claude DALLOZ candidat potentiel \u00e0 sa succession et pr\u00e9alablement d\u00e9sign\u00e9 par la conseil d&rsquo;administration du 27 Mai 2009. L&rsquo;Adjudant-Chef (H) Jean-Claude DALLOZde la promotion 61\/08 m\u00e9canicien avion polyvalent d&rsquo;origine, puis m\u00e9canicien navigant, termine sa carri\u00e8re apr\u00e8s 28 ann\u00e9es de service au sein de l&rsquo;Escadron de Transport 03\/061 \u00ab POITOU \u00bb, adh\u00e9rent depuis 2002 et responsable de la r\u00e9gion centre depuis 2006. Il s&rsquo;en suit que Jean-Claude DALLOZ est \u00e9lu Pr\u00e9sident National de l&rsquo;A.A.E.S.O.R \u00e0 partir de cet instant. Ce jour fut \u00e9galement marqu\u00e9 par la rel\u00e8ve du porte drapeau titulaire, Justin ARROYO qui apr\u00e8s 9 ann\u00e9es de bons et loyaux services c\u00e8de sa place \u00e0 Jacques TRICHARD pr\u00e9sent\u00e9 par le nouveau Pr\u00e9sident, \u00e0 cet instant il prend la fonction de porte drapeau titulaire.<\/p>\n","protected":false},"excerpt":{"rendered":"<p>L&rsquo;AAESOR est une association type loi 1901. Elle a \u00e9t\u00e9 fond\u00e9e par le pr\u00e9sident pr\u00e9c\u00e8dant, le 10 juillet 2000, qui avec quelques passionn\u00e9s de l&rsquo;Arm\u00e9e de l&rsquo;Air \u00ab\u00a0Jacques PARMENTIER\u00a0\u00bb \u00ab\u00a0Eloi CALZADILLA\u00a0\u00bb comme lui, souhaitaient f\u00e9d\u00e9rer au sein d&rsquo;une m\u00eame association tous les anciens m\u00e9caniciens de l&rsquo;\u00e9cole technique de l &lsquo;Arm\u00e9e de l &lsquo;Air de Rochefort. [&hellip;]<\/p>\n","protected":false},"author":4,"featured_media":0,"comment_status":"open","ping_status":"open","sticky":false,"template":"","format":"standard","meta":[],"categories":[1],"tags":[],"_links":{"self":[{"href":"http:\/\/www.aaesor721.fr\/index.php\/wp-json\/wp\/v2\/posts\/34"}],"collection":[{"href":"http:\/\/www.aaesor721.fr\/index.php\/wp-json\/wp\/v2\/posts"}],"about":[{"href":"http:\/\/www.aaesor721.fr\/index.php\/wp-json\/wp\/v2\/types\/post"}],"author":[{"embeddable":true,"href":"http:\/\/www.aaesor721.fr\/index.php\/wp-json\/wp\/v2\/users\/4"}],"replies":[{"embeddable":true,"href":"http:\/\/www.aaesor721.fr\/index.php\/wp-json\/wp\/v2\/comments?post=34"}],"version-history":[{"count":3,"href":"http:\/\/www.aaesor721.fr\/index.php\/wp-json\/wp\/v2\/posts\/34\/revisions"}],"predecessor-version":[{"id":75,"href":"http:\/\/www.aaesor721.fr\/index.php\/wp-json\/wp\/v2\/posts\/34\/revisions\/75"}],"wp:attachment":[{"href":"http:\/\/www.aaesor721.fr\/index.php\/wp-json\/wp\/v2\/media?parent=34"}],"wp:term":[{"taxonomy":"category","embeddable":true,"href":"http:\/\/www.aaesor721.fr\/index.php\/wp-json\/wp\/v2\/categories?post=34"},{"taxonomy":"post_tag","embeddable":true,"href":"http:\/\/www.aaesor721.fr\/index.php\/wp-json\/wp\/v2\/tags?post=34"}],"curies":[{"name":"wp","href":"https:\/\/api.w.org\/{rel}","templated":true}]}}