{"id":1973,"date":"2023-11-02T18:26:40","date_gmt":"2023-11-02T17:26:40","guid":{"rendered":"http:\/\/www.aaesor721.fr\/?p=1973"},"modified":"2023-11-02T18:28:21","modified_gmt":"2023-11-02T17:28:21","slug":"deces-de-mr-berthome","status":"publish","type":"post","link":"http:\/\/www.aaesor721.fr\/index.php\/2023\/11\/02\/deces-de-mr-berthome\/","title":{"rendered":"D\u00e9c\u00e8s de Mr BERTHOME"},"content":{"rendered":"<p><strong>Les obs\u00e8ques de Monsieur Berthom\u00e9<\/strong><\/p>\n<p>Notre doyen n&rsquo;est plus. Monsieur Marcel Berthom\u00e9 que nous avions f\u00e9licit\u00e9 en mars dernier lors de son \u00e9l\u00e9vation \u00e0 la dignit\u00e9 de grand officier de la L\u00e9gion d&rsquo;Honneur est d\u00e9c\u00e9d\u00e9 le 24 octobre \u00e0 l&rsquo;\u00e2ge de 101 ans.<\/p>\n<p>La c\u00e9r\u00e9monie religieuse de ses obs\u00e8ques a eu lieu le lundi 30 octobre \u00e0 15 h dans la petite \u00e9glise de Saint M\u00e9dard de Guizi\u00e8res, la commune o\u00f9 il est n\u00e9 le 4 avril 1922. Une assistance estim\u00e9e \u00e0 500 personnes \u00e9tait pr\u00e9sente pour rendre hommage \u00e0 l&rsquo;enfant du pays mais aussi au h\u00e9ros de guerre, au passionn\u00e9 de football et \u00e0 l&rsquo;\u00e9lu de la R\u00e9publique qu&rsquo;il fut.<\/p>\n<p><img decoding=\"async\" loading=\"lazy\" class=\"alignnone size-medium wp-image-1969\" src=\"http:\/\/www.aaesor721.fr\/wp-content\/uploads\/2023\/11\/1698682664023-300x188.jpg\" alt=\"\" width=\"300\" height=\"188\" srcset=\"http:\/\/www.aaesor721.fr\/wp-content\/uploads\/2023\/11\/1698682664023-300x188.jpg 300w, http:\/\/www.aaesor721.fr\/wp-content\/uploads\/2023\/11\/1698682664023-768x480.jpg 768w, http:\/\/www.aaesor721.fr\/wp-content\/uploads\/2023\/11\/1698682664023.jpg 1000w\" sizes=\"(max-width: 300px) 100vw, 300px\" \/>\u00a0 \u00a0 \u00a0 \u00a0 \u00a0 \u00a0 \u00a0 \u00a0 <img decoding=\"async\" loading=\"lazy\" class=\"alignnone size-medium wp-image-1968\" src=\"http:\/\/www.aaesor721.fr\/wp-content\/uploads\/2023\/11\/1698682615616-300x188.jpg\" alt=\"\" width=\"300\" height=\"188\" srcset=\"http:\/\/www.aaesor721.fr\/wp-content\/uploads\/2023\/11\/1698682615616-300x188.jpg 300w, http:\/\/www.aaesor721.fr\/wp-content\/uploads\/2023\/11\/1698682615616-768x480.jpg 768w, http:\/\/www.aaesor721.fr\/wp-content\/uploads\/2023\/11\/1698682615616.jpg 1000w\" sizes=\"(max-width: 300px) 100vw, 300px\" \/><\/p>\n<p>La Base a\u00e9rienne 106 de M\u00e9rignac repr\u00e9sent\u00e9e par son nouveau et son ancien commandant, les colonels Natalie Picot et Ludovic Louriou, avait fourni le piquet d&rsquo;honneur tandis qu&rsquo;une trentaine de porte-drapeaux \u00e9taient pr\u00e9sents pour la haie d&rsquo;honneur au passage du cercueil recouvert du drap tricolore.<\/p>\n<p>L&rsquo;\u00e9glise \u00e9tait petite et beaucoup de personnes rest\u00e9es \u00e0 l&rsquo;ext\u00e9rieur ont pu, gr\u00e2ce \u00e0 la sonorisation, suivre les paroles de quatre intervenants: Anne Berthom\u00e9, sa fille, qui a exprim\u00e9 toute sa tendresse pour le p\u00e8re qu&rsquo;il a \u00e9t\u00e9; Le Docteur\u00a0 Churet, fils du commandant Churet qui commandait les m\u00e9caniciens des Groupes Lourds de la base anglaise d&rsquo;Elvington, qui a salu\u00e9 l&rsquo;humilit\u00e9 et la v\u00e9rit\u00e9 du personnage; Philippe Buisson Pr\u00e9sident de la CALI et maire de Libourne qui a \u00e9voqu\u00e9 le caract\u00e8re bien tremp\u00e9 de ce maire qui a su faire rayonner sa commune de Saint-Seurin-sur-l&rsquo;Isle non seulement sur le plan de l&rsquo;urbanisme mais aussi gr\u00e2ce au football et l&rsquo;accession en D2 de l&rsquo;AS Saint-Seurin; La colonel Picot enfin qui a \u00e9voqu\u00e9 les 7500 heures de vol et les 454 missions de guerre de l&rsquo;homme pendant les trois conflits auxquels il a particip\u00e9.<\/p>\n<p>Apr\u00e8s cette c\u00e9r\u00e9monie, Monsieur Berthom\u00e9 a \u00e9t\u00e9 transport\u00e9 dans le caveau familial du cimeti\u00e8re de Saint-Seurin-sur-l&rsquo;Isle, commune dont il \u00e9t\u00e9 le maire de 1971 \u00e0 2020.<\/p>\n<p><img decoding=\"async\" loading=\"lazy\" class=\"alignnone size-medium wp-image-1970\" src=\"http:\/\/www.aaesor721.fr\/wp-content\/uploads\/2023\/11\/Image1-300x217.jpg\" alt=\"\" width=\"300\" height=\"217\" srcset=\"http:\/\/www.aaesor721.fr\/wp-content\/uploads\/2023\/11\/Image1-300x217.jpg 300w, http:\/\/www.aaesor721.fr\/wp-content\/uploads\/2023\/11\/Image1.jpg 519w\" sizes=\"(max-width: 300px) 100vw, 300px\" \/>\u00a0 \u00a0 \u00a0 \u00a0 \u00a0 \u00a0 \u00a0 <img decoding=\"async\" loading=\"lazy\" class=\"alignnone wp-image-1967\" src=\"http:\/\/www.aaesor721.fr\/wp-content\/uploads\/2023\/11\/20231030_174838-300x225.jpg\" alt=\"\" width=\"289\" height=\"217\" srcset=\"http:\/\/www.aaesor721.fr\/wp-content\/uploads\/2023\/11\/20231030_174838-300x225.jpg 300w, http:\/\/www.aaesor721.fr\/wp-content\/uploads\/2023\/11\/20231030_174838-1024x768.jpg 1024w, http:\/\/www.aaesor721.fr\/wp-content\/uploads\/2023\/11\/20231030_174838-768x576.jpg 768w, http:\/\/www.aaesor721.fr\/wp-content\/uploads\/2023\/11\/20231030_174838-1536x1152.jpg 1536w, http:\/\/www.aaesor721.fr\/wp-content\/uploads\/2023\/11\/20231030_174838-2048x1536.jpg 2048w\" sizes=\"(max-width: 289px) 100vw, 289px\" \/><\/p>\n<p><strong>Notre Association des Anciens \u00c9l\u00e8ves Sous-Officiers de Rochefort (AAESOR) \u00e0 laquelle il avait adh\u00e9r\u00e9 en 2020 exprime \u00e0 sa famille ses plus sinc\u00e8res condol\u00e9ances. <\/strong><\/p>\n<p>Nous regretterons toujours de n&rsquo;avoir pas pu le garder plus longtemps \u00e0 nos c\u00f4t\u00e9s mais nous aurons cependant la satisfaction d&rsquo;avoir pu r\u00e9aliser son r\u00eave de revoir l&rsquo;\u00e9cole o\u00f9 il s&rsquo;\u00e9tait engag\u00e9 en 1939: elle s&rsquo;appelait alors l&rsquo;\u00c9cole des Apprentis M\u00e9caniciens de l&rsquo;Arm\u00e9e de l&rsquo;Air depuis 1934, et Monsieur Berthom\u00e9 nous avait exprim\u00e9 son souhait de la revoir \u00ab\u00a0avant le grand voyage\u00a0\u00bb (sic). Sollicit\u00e9 par notre association, le G\u00e9n\u00e9ral commandant cette base aujourd&rsquo;hui d\u00e9plac\u00e9e de Rochefort \u00e0 Saint-Agnant avait accept\u00e9 et avait accueilli Monsieur Berthom\u00e9 sur la Base a\u00e9rienne 721 \u00ab\u00a0Adjudant G\u00e9mot\u00a0\u00bb toute la journ\u00e9e du 18 mars 2022. Journ\u00e9e d&rsquo;intense \u00e9motion puisque pendant la 2<sup>e<\/sup> guerre mondiale les sergents G\u00e9mot et Berthom\u00e9 \u00e9taient membres du m\u00eame \u00e9quipage d&rsquo;un bombardier Halifax des Groupes Lourds (GB 1\/25 Tunisie, Squadron 347 dans la Royal Air Force).<\/p>\n<p><img decoding=\"async\" loading=\"lazy\" class=\"alignnone size-medium wp-image-1971\" src=\"http:\/\/www.aaesor721.fr\/wp-content\/uploads\/2023\/11\/IMG_4906-300x225.jpg\" alt=\"\" width=\"300\" height=\"225\" srcset=\"http:\/\/www.aaesor721.fr\/wp-content\/uploads\/2023\/11\/IMG_4906-300x225.jpg 300w, http:\/\/www.aaesor721.fr\/wp-content\/uploads\/2023\/11\/IMG_4906-1024x768.jpg 1024w, http:\/\/www.aaesor721.fr\/wp-content\/uploads\/2023\/11\/IMG_4906-768x576.jpg 768w, http:\/\/www.aaesor721.fr\/wp-content\/uploads\/2023\/11\/IMG_4906-1536x1152.jpg 1536w, http:\/\/www.aaesor721.fr\/wp-content\/uploads\/2023\/11\/IMG_4906-2048x1536.jpg 2048w\" sizes=\"(max-width: 300px) 100vw, 300px\" \/>\u00a0 \u00a0 \u00a0 \u00a0 \u00a0 \u00a0 <img decoding=\"async\" loading=\"lazy\" class=\"alignnone size-medium wp-image-1972\" src=\"http:\/\/www.aaesor721.fr\/wp-content\/uploads\/2023\/11\/IMG_4940-300x225.jpg\" alt=\"\" width=\"300\" height=\"225\" srcset=\"http:\/\/www.aaesor721.fr\/wp-content\/uploads\/2023\/11\/IMG_4940-300x225.jpg 300w, http:\/\/www.aaesor721.fr\/wp-content\/uploads\/2023\/11\/IMG_4940-1024x768.jpg 1024w, http:\/\/www.aaesor721.fr\/wp-content\/uploads\/2023\/11\/IMG_4940-768x576.jpg 768w, http:\/\/www.aaesor721.fr\/wp-content\/uploads\/2023\/11\/IMG_4940-1536x1152.jpg 1536w, http:\/\/www.aaesor721.fr\/wp-content\/uploads\/2023\/11\/IMG_4940-2048x1536.jpg 2048w\" sizes=\"(max-width: 300px) 100vw, 300px\" \/><\/p>\n<p>&nbsp;<\/p>\n<p>Nous aurons aussi \u00e0 c\u0153ur de remercier le colonel Louriou pour le travail qu&rsquo;il a accompli pour Monsieur Berthom\u00e9 pendant toute l&rsquo;ann\u00e9e 2022.<\/p>\n<ol start=\"2023\">\n<li>10.30<\/li>\n<\/ol>\n<p>&nbsp;<\/p>\n","protected":false},"excerpt":{"rendered":"<p>Les obs\u00e8ques de Monsieur Berthom\u00e9 Notre doyen n&rsquo;est plus. Monsieur Marcel Berthom\u00e9 que nous avions f\u00e9licit\u00e9 en mars dernier lors de son \u00e9l\u00e9vation \u00e0 la dignit\u00e9 de grand officier de la L\u00e9gion d&rsquo;Honneur est d\u00e9c\u00e9d\u00e9 le 24 octobre \u00e0 l&rsquo;\u00e2ge de 101 ans. La c\u00e9r\u00e9monie religieuse de ses obs\u00e8ques a eu lieu le lundi 30 [&hellip;]<\/p>\n","protected":false},"author":4,"featured_media":0,"comment_status":"open","ping_status":"open","sticky":false,"template":"","format":"standard","meta":[],"categories":[1],"tags":[],"_links":{"self":[{"href":"http:\/\/www.aaesor721.fr\/index.php\/wp-json\/wp\/v2\/posts\/1973"}],"collection":[{"href":"http:\/\/www.aaesor721.fr\/index.php\/wp-json\/wp\/v2\/posts"}],"about":[{"href":"http:\/\/www.aaesor721.fr\/index.php\/wp-json\/wp\/v2\/types\/post"}],"author":[{"embeddable":true,"href":"http:\/\/www.aaesor721.fr\/index.php\/wp-json\/wp\/v2\/users\/4"}],"replies":[{"embeddable":true,"href":"http:\/\/www.aaesor721.fr\/index.php\/wp-json\/wp\/v2\/comments?post=1973"}],"version-history":[{"count":2,"href":"http:\/\/www.aaesor721.fr\/index.php\/wp-json\/wp\/v2\/posts\/1973\/revisions"}],"predecessor-version":[{"id":1975,"href":"http:\/\/www.aaesor721.fr\/index.php\/wp-json\/wp\/v2\/posts\/1973\/revisions\/1975"}],"wp:attachment":[{"href":"http:\/\/www.aaesor721.fr\/index.php\/wp-json\/wp\/v2\/media?parent=1973"}],"wp:term":[{"taxonomy":"category","embeddable":true,"href":"http:\/\/www.aaesor721.fr\/index.php\/wp-json\/wp\/v2\/categories?post=1973"},{"taxonomy":"post_tag","embeddable":true,"href":"http:\/\/www.aaesor721.fr\/index.php\/wp-json\/wp\/v2\/tags?post=1973"}],"curies":[{"name":"wp","href":"https:\/\/api.w.org\/{rel}","templated":true}]}}